{"id":3244,"date":"2017-12-29T18:03:32","date_gmt":"2017-12-29T18:03:32","guid":{"rendered":"https:\/\/bkplow.clictresdemaio.com\/?p=3244"},"modified":"2024-11-12T09:51:23","modified_gmt":"2024-11-12T12:51:23","slug":"farinha-de-ora-pro-nobis-low-carb","status":"publish","type":"post","link":"https:\/\/low-carbdiet.com\/de\/artigos\/farinha-de-ora-pro-nobis-low-carb\/","title":{"rendered":"Pro Nobis Low Carb Ora Mehl"},"content":{"rendered":"<p>DER <strong>Ora Pro Nobis Low Carb Mehl<\/strong>, auch bekannt als Pereskia aculeata, ist eine unkonventionelle Nahrungsmittelpflanze, die reich an Proteinen und essentiellen Aminos\u00e4uren ist. Ein funktionelles und veganes Lebensmittel, v\u00f6llig glutenfrei, weshalb wir die Zugabe zu Brot-, Kuchen- und Gem\u00fcserezepten sowie S\u00e4ften, Shakes und Fr\u00fcchten empfehlen.<\/p>\n<p>Aufgrund seines hohen Gehalts an pflanzlichem Eiwei\u00df, Mineralstoffen und Vitamin C ist es besonders f\u00fcr Di\u00e4ten zur Gewichtsreduktion, Low Carb-Di\u00e4ten sowie vegetarische und vegane Ern\u00e4hrung zu empfehlen.<\/p>\n<p>Ora por nobis-Mehl \u201eBete f\u00fcr uns\u201c wird zur Bek\u00e4mpfung von An\u00e4mie verwendet, hilft bei der Behandlung von Diabetes, hat eine entz\u00fcndungshemmende Wirkung und dient zudem als Hautschutz, spendet Feuchtigkeit und erh\u00e4lt das Gleichgewicht der Haut.<\/p>\n<h2>Pro Nobis Low Carb Ora Mehl | N\u00e4hrwerte<\/h2>\n<p>Ora-pro-n\u00f3bis wird gemeinhin als das Fleisch der Armen bezeichnet, da es einen hohen Proteingehalt von etwa 25% aufweist. Aus diesem Grund wurde sie in die vom Forschungsunternehmen erforschten bioaktiven Heilpflanzen aufgenommen. <a href=\"http:\/\/www.epagri.sc.gov.br\/\" target=\"_blank\" rel=\"nofollow noopener\">Landwirtschaft und l\u00e4ndliche Entwicklung von Santa Catarina<\/a> (Epagri).<\/p>\n<p>Es ist nicht nur reich an Proteinen, sondern hat auch einen hohen Anteil an Ballaststoffen und enth\u00e4lt au\u00dferdem die Vitamine A, B und C, Magnesium, Phosphor und Kalzium, Eisen, Mangan, Kalium, Kalzium und Kupfer. Dar\u00fcber hinaus vervollst\u00e4ndigen wirkungsvolle Antioxidantien (Carotinoide) dieses Arsenal an Phyton\u00e4hrstoffen und n\u00fctzlichen organischen Verbindungen.<\/p>\n<h2>Pro Nobis Low Carb Ora Mehl | Vorteile<\/h2>\n<p>Forscher sehen Hinweise darauf, dass der Verzehr von Ora-Pro-Nobis den Blutdruck und den Cholesterinspiegel senkt und au\u00dferdem die Wahrscheinlichkeit einer Blutgerinnung verringert.<\/p>\n<p>Zu den gesundheitlichen Vorteilen von Ora-Pro-Nobis geh\u00f6ren die Unterst\u00fctzung bei der Gewichtsabnahme, die F\u00f6rderung der Herzgesundheit, die F\u00f6rderung der kindlichen Entwicklung, die Behandlung bestimmter Magen-Darm-Erkrankungen, die Vorbeugung bestimmter Krebsarten, der Schutz der Haut, die Verbesserung der Sehkraft, die St\u00e4rkung des Immunsystems, der Aufbau starker Knochen und die Verbesserung der Durchblutung.<\/p>\n<p>Entdecken Sie das Buch 101 Low Carb Rezepte mit Tipps und Rezepten zum Abnehmen<\/p>\n<p>&nbsp;<\/p>\n<p>&nbsp;<\/p>","protected":false},"excerpt":{"rendered":"<p>A farinha de Ora Pro Nobis low carb, tamb\u00e9m conhecida como pereskia aculeata, \u00e9 uma planta aliment\u00edcia n\u00e3o convencional rica em prote\u00edna e amino\u00e1cidos essenciais. Um alimento funcional e vegano, totalmente sem gl\u00faten, por isso damos a dica que ela pode ser adicionada em receitas de p\u00e3es, bolos e legumes, bem como em sucos, shakes [&hellip;]<\/p>\n","protected":false},"author":6,"featured_media":3245,"comment_status":"open","ping_status":"closed","sticky":false,"template":"","format":"standard","meta":{"tdm_status":"","tdm_grid_status":"","footnotes":""},"categories":[7],"tags":[],"class_list":{"0":"post-3244","1":"post","2":"type-post","3":"status-publish","4":"format-standard","5":"has-post-thumbnail","7":"category-artigos"},"_links":{"self":[{"href":"https:\/\/low-carbdiet.com\/de\/wp-json\/wp\/v2\/posts\/3244","targetHints":{"allow":["GET"]}}],"collection":[{"href":"https:\/\/low-carbdiet.com\/de\/wp-json\/wp\/v2\/posts"}],"about":[{"href":"https:\/\/low-carbdiet.com\/de\/wp-json\/wp\/v2\/types\/post"}],"author":[{"embeddable":true,"href":"https:\/\/low-carbdiet.com\/de\/wp-json\/wp\/v2\/users\/6"}],"replies":[{"embeddable":true,"href":"https:\/\/low-carbdiet.com\/de\/wp-json\/wp\/v2\/comments?post=3244"}],"version-history":[{"count":4,"href":"https:\/\/low-carbdiet.com\/de\/wp-json\/wp\/v2\/posts\/3244\/revisions"}],"predecessor-version":[{"id":16810,"href":"https:\/\/low-carbdiet.com\/de\/wp-json\/wp\/v2\/posts\/3244\/revisions\/16810"}],"wp:featuredmedia":[{"embeddable":true,"href":"https:\/\/low-carbdiet.com\/de\/wp-json\/"}],"wp:attachment":[{"href":"https:\/\/low-carbdiet.com\/de\/wp-json\/wp\/v2\/media?parent=3244"}],"wp:term":[{"taxonomy":"category","embeddable":true,"href":"https:\/\/low-carbdiet.com\/de\/wp-json\/wp\/v2\/categories?post=3244"},{"taxonomy":"post_tag","embeddable":true,"href":"https:\/\/low-carbdiet.com\/de\/wp-json\/wp\/v2\/tags?post=3244"}],"curies":[{"name":"wp","href":"https:\/\/api.w.org\/{rel}","templated":true}]}}