{"id":12903,"date":"2021-05-14T21:51:00","date_gmt":"2021-05-14T21:51:00","guid":{"rendered":"https:\/\/bkplow.clictresdemaio.com\/pao-de-queijo-de-frigideira-low-carb\/"},"modified":"2024-11-11T15:28:50","modified_gmt":"2024-11-11T18:28:50","slug":"pao-de-queijo-de-frigideira-low-carb","status":"publish","type":"post","link":"https:\/\/low-carbdiet.com\/es\/paes\/pao-de-queijo-de-frigideira-low-carb\/","title":{"rendered":"PAN CON QUESO EN SART\u00c9N BAJO EN CARBOHIDRATOS"},"content":{"rendered":"<p>QUESO CREMA PERSONAL Y NO CREMA; )<\/p>\n<p>&nbsp;<\/p>\n<p>Palabra relacionada:<\/p>\n<p>&nbsp;<\/p>\n<p>receitalowcarbdieta2468, PAN DE QUESO BAJO EN CARBOHIDRATOS, Recetas Low Carb World, Beautiful You, Living Without Wheat, More Fit You, Baking Potato, dieta baja en carbohidratos, recetas bajas en carbohidratos, men\u00fa bajo en carbohidratos, almuerzo bajo en carbohidratos, cena baja en carbohidratos, desayuno bajo en carbohidratos, bocadillos bajos en carbohidratos, pastel bajo en carbohidratos, pastel de pollo, coxinha baja en carbohidratos, pan bajo en carbohidratos, pan de queso bajo en carbohidratos, c\u00f3mo perder peso, pan de queso bajo en carbohidratos, receta de sart\u00e9n baja en carbohidratos<\/p>\n<p>Puedes ver el v\u00eddeo en YouTube <a target='_blank' href='https:\/\/www.youtube.com\/watch?v=zCWngluUQLM' rel=\"noopener\">Aqu\u00ed<\/a><\/p>","protected":false},"excerpt":{"rendered":"<p>REQUEIJ\u00c3O PESSOAL E N\u00c3O CREME DE LEITE ; ) &nbsp; Palavra Relacionada: &nbsp; receitalowcarbdieta2468, P\u00c3O DE QUEIJO DE FRIGIDEIRA LOW CARB, Mundo Low Carb Receitas, Voc\u00ea Bonita, Viver Sem Trigo, Voc\u00ea Mais Fitness, Batata Assando, dieta low carb, receitas low carb, cardapio low carb, almo\u00e7o low carb, jantar low carb, caf\u00e9 da manh\u00e3 low carb, [&hellip;]<\/p>\n","protected":false},"author":6,"featured_media":12904,"comment_status":"open","ping_status":"closed","sticky":false,"template":"","format":"standard","meta":{"tdm_status":"","tdm_grid_status":"","footnotes":""},"categories":[6],"tags":[212,213,217,218,219,220,66,221,250,222,251,223,164,225,93,226,227,228,229,230,170],"class_list":{"0":"post-12903","1":"post","2":"type-post","3":"status-publish","4":"format-standard","5":"has-post-thumbnail","7":"category-paes","8":"tag-almoco-low-carb","9":"tag-batata-assando","10":"tag-cafe-da-manha-low-carb","11":"tag-cardapio-low-carb","12":"tag-como-emagrecer","13":"tag-coxinha-low-carb","14":"tag-dieta-low-carb","15":"tag-jantar-low-carb","16":"tag-low-carb-receita-de-frigideira","17":"tag-mundo-low-carb-receitas","18":"tag-pao-de-queijo-de-frigideira-low-carb","19":"tag-pao-de-queijo-low-carb","20":"tag-pao-low-carb","21":"tag-receitalowcarbdieta2468","22":"tag-receitas-low-carb","23":"tag-salgados-low-carb","24":"tag-torta-de-frango","25":"tag-torta-low-carb","26":"tag-viver-sem-trigo","27":"tag-voce-bonita","28":"tag-voce-mais-fitness"},"_links":{"self":[{"href":"https:\/\/low-carbdiet.com\/es\/wp-json\/wp\/v2\/posts\/12903","targetHints":{"allow":["GET"]}}],"collection":[{"href":"https:\/\/low-carbdiet.com\/es\/wp-json\/wp\/v2\/posts"}],"about":[{"href":"https:\/\/low-carbdiet.com\/es\/wp-json\/wp\/v2\/types\/post"}],"author":[{"embeddable":true,"href":"https:\/\/low-carbdiet.com\/es\/wp-json\/wp\/v2\/users\/6"}],"replies":[{"embeddable":true,"href":"https:\/\/low-carbdiet.com\/es\/wp-json\/wp\/v2\/comments?post=12903"}],"version-history":[{"count":1,"href":"https:\/\/low-carbdiet.com\/es\/wp-json\/wp\/v2\/posts\/12903\/revisions"}],"predecessor-version":[{"id":15110,"href":"https:\/\/low-carbdiet.com\/es\/wp-json\/wp\/v2\/posts\/12903\/revisions\/15110"}],"wp:featuredmedia":[{"embeddable":true,"href":"https:\/\/low-carbdiet.com\/es\/wp-json\/"}],"wp:attachment":[{"href":"https:\/\/low-carbdiet.com\/es\/wp-json\/wp\/v2\/media?parent=12903"}],"wp:term":[{"taxonomy":"category","embeddable":true,"href":"https:\/\/low-carbdiet.com\/es\/wp-json\/wp\/v2\/categories?post=12903"},{"taxonomy":"post_tag","embeddable":true,"href":"https:\/\/low-carbdiet.com\/es\/wp-json\/wp\/v2\/tags?post=12903"}],"curies":[{"name":"wp","href":"https:\/\/api.w.org\/{rel}","templated":true}]}}