{"id":3244,"date":"2017-12-29T18:03:32","date_gmt":"2017-12-29T18:03:32","guid":{"rendered":"https:\/\/bkplow.clictresdemaio.com\/?p=3244"},"modified":"2024-11-12T09:51:23","modified_gmt":"2024-11-12T12:51:23","slug":"farinha-de-ora-pro-nobis-low-carb","status":"publish","type":"post","link":"https:\/\/low-carbdiet.com\/es\/artigos\/farinha-de-ora-pro-nobis-low-carb\/","title":{"rendered":"Harina Nobis Low Carb Pro Ora"},"content":{"rendered":"<p>EL <strong>Harina baja en carbohidratos Ora Pro Nobis<\/strong>, tambi\u00e9n conocida como pereskia aculeata, es una planta alimenticia no convencional rica en prote\u00ednas y amino\u00e1cidos esenciales. Un alimento funcional y vegano, totalmente libre de gluten, por lo que recomendamos a\u00f1adirlo a recetas de pan, pasteles y verduras, as\u00ed como a zumos, batidos y frutas.<\/p>\n<p>Por ser rico en prote\u00ednas vegetales, minerales y vitamina C, es muy recomendable para dietas de adelgazamiento, dietas bajas en carbohidratos, dietas vegetarianas y veganas.<\/p>\n<p>La harina de Ora por nobis \u201cruega por nosotros\u201d se utiliza para combatir la anemia, ayuda en el tratamiento de la diabetes, es antiinflamatoria y adem\u00e1s act\u00faa como protector d\u00e9rmico, hidratando y manteniendo el equilibrio de la piel.<\/p>\n<h2>Harina Ora baja en carbohidratos Pro Nobis | Nutrientes<\/h2>\n<p>El ora-pro-n\u00f3bis es conocido com\u00fanmente como la carne de los pobres porque tiene un alto contenido de prote\u00ednas, alrededor de 25%. Gracias a esto, pas\u00f3 a formar parte de las plantas bioactivas y medicinales investigadas por la Compa\u00f1\u00eda de Investigaci\u00f3n. <a href=\"http:\/\/www.epagri.sc.gov.br\/\" target=\"_blank\" rel=\"nofollow noopener\">Agricultura y Extensi\u00f3n Rural de Santa Catarina<\/a> (Epagri).<\/p>\n<p>Adem\u00e1s de ser rico en prote\u00ednas, tiene altos niveles de fibra y tambi\u00e9n contiene vitaminas A, B y C, magnesio, f\u00f3sforo y calcio, hierro, manganeso, potasio, calcio y cobre. Adem\u00e1s, potentes compuestos antioxidantes (carotenoides) completan este arsenal de fitonutrientes y compuestos org\u00e1nicos beneficiosos.<\/p>\n<h2>Harina Ora baja en carbohidratos Pro Nobis | Beneficios<\/h2>\n<p>Los investigadores ven evidencia de que consumir ora-pro-nobis reduce la presi\u00f3n arterial y los niveles de colesterol, adem\u00e1s de hacer que la sangre sea menos propensa a formar co\u00e1gulos.<\/p>\n<p>Algunos de los beneficios para la salud del ora-pro-nobis incluyen su capacidad para ayudar a perder peso, mejorar la salud del coraz\u00f3n, ayudar en el desarrollo infantil, tratar ciertas enfermedades gastrointestinales, prevenir ciertos tipos de c\u00e1ncer, proteger la piel, mejorar la visi\u00f3n, fortalecer el sistema inmunol\u00f3gico, desarrollar huesos fuertes y aumentar la circulaci\u00f3n.<\/p>\n<p>Descubre el libro 101 recetas low carb con consejos y recetas para ayudarte a perder peso<\/p>\n<p>&nbsp;<\/p>\n<p>&nbsp;<\/p>","protected":false},"excerpt":{"rendered":"<p>A farinha de Ora Pro Nobis low carb, tamb\u00e9m conhecida como pereskia aculeata, \u00e9 uma planta aliment\u00edcia n\u00e3o convencional rica em prote\u00edna e amino\u00e1cidos essenciais. Um alimento funcional e vegano, totalmente sem gl\u00faten, por isso damos a dica que ela pode ser adicionada em receitas de p\u00e3es, bolos e legumes, bem como em sucos, shakes [&hellip;]<\/p>\n","protected":false},"author":6,"featured_media":3245,"comment_status":"open","ping_status":"closed","sticky":false,"template":"","format":"standard","meta":{"tdm_status":"","tdm_grid_status":"","footnotes":""},"categories":[7],"tags":[],"class_list":{"0":"post-3244","1":"post","2":"type-post","3":"status-publish","4":"format-standard","5":"has-post-thumbnail","7":"category-artigos"},"_links":{"self":[{"href":"https:\/\/low-carbdiet.com\/es\/wp-json\/wp\/v2\/posts\/3244","targetHints":{"allow":["GET"]}}],"collection":[{"href":"https:\/\/low-carbdiet.com\/es\/wp-json\/wp\/v2\/posts"}],"about":[{"href":"https:\/\/low-carbdiet.com\/es\/wp-json\/wp\/v2\/types\/post"}],"author":[{"embeddable":true,"href":"https:\/\/low-carbdiet.com\/es\/wp-json\/wp\/v2\/users\/6"}],"replies":[{"embeddable":true,"href":"https:\/\/low-carbdiet.com\/es\/wp-json\/wp\/v2\/comments?post=3244"}],"version-history":[{"count":4,"href":"https:\/\/low-carbdiet.com\/es\/wp-json\/wp\/v2\/posts\/3244\/revisions"}],"predecessor-version":[{"id":16810,"href":"https:\/\/low-carbdiet.com\/es\/wp-json\/wp\/v2\/posts\/3244\/revisions\/16810"}],"wp:featuredmedia":[{"embeddable":true,"href":"https:\/\/low-carbdiet.com\/es\/wp-json\/"}],"wp:attachment":[{"href":"https:\/\/low-carbdiet.com\/es\/wp-json\/wp\/v2\/media?parent=3244"}],"wp:term":[{"taxonomy":"category","embeddable":true,"href":"https:\/\/low-carbdiet.com\/es\/wp-json\/wp\/v2\/categories?post=3244"},{"taxonomy":"post_tag","embeddable":true,"href":"https:\/\/low-carbdiet.com\/es\/wp-json\/wp\/v2\/tags?post=3244"}],"curies":[{"name":"wp","href":"https:\/\/api.w.org\/{rel}","templated":true}]}}