{"id":1187,"date":"2017-07-24T20:05:01","date_gmt":"2017-07-24T20:05:01","guid":{"rendered":"https:\/\/bkplow.clictresdemaio.com\/?p=1187"},"modified":"2024-11-12T09:53:21","modified_gmt":"2024-11-12T12:53:21","slug":"biscoito-amanteigado-low-carb","status":"publish","type":"post","link":"https:\/\/low-carbdiet.com\/fr\/paes\/biscoito-amanteigado-low-carb\/","title":{"rendered":"Biscuits sabl\u00e9s \u00e0 faible teneur en glucides saupoudr\u00e9s de cannelle"},"content":{"rendered":"<p><span style=\"font-size: 14pt; color: #000000;\">Cette recette de <strong>biscuits au beurre \u00e0 faible teneur en glucides<\/strong>, vous aidera \u00e0 sortir de cette routine de devoir manger des \u0153ufs ou de devoir reproduire du pain tous les jours. <strong>biscuits au beurre \u00e0 faible teneur en glucides<\/strong> peut \u00eatre plac\u00e9 dans des bocaux et conserv\u00e9 au r\u00e9frig\u00e9rateur pendant une semaine, cela ne<\/span><span style=\"font-size: 14pt; color: #000000;\">les laisse dans une situation tr\u00e8s confortable, sans avoir \u00e0 s&#039;inqui\u00e9ter<\/span><span style=\"font-size: 14pt; color: #000000;\">occuper dans quoi s<\/span><span style=\"color: #000000; font-size: 14pt;\">Il sera pr\u00e9par\u00e9 pour le petit-d\u00e9jeuner ou le go\u00fbter.<\/span><\/p>\n<h2><\/h2>\n<p><span style=\"font-size: 14pt; color: #000000;\">C&#039;est un <strong>recette \u00e0 faible teneur en glucides<\/strong> tr\u00e8s facile \u00e0 faire, les ingr\u00e9dients sont faciles \u00e0 obtenir, ce qui le rend tr\u00e8s pratique et rapide \u00e0 r\u00e9aliser <strong>recette de biscuits \u00e0 faible teneur en glucides. <\/strong>Ce biscuit saupoudr\u00e9 de cannelle <strong>Faible en glucides<\/strong> C&#039;est rapide, facile et vous ne le regretterez pas\u00a0<\/span><span style=\"font-size: 14pt; color: #000000;\">d&#039;essayer de se pr\u00e9parer.<\/span><\/p>\n<div style=\"position: relative;\">\n<div style=\"position: relative;\"><iframe src=\"https:\/\/www.youtube.com\/embed\/gNPl0SbQws4?rel=0&controls=0&showinfo=0\" width=\"560\" height=\"315\" frameborder=\"0\" allowfullscreen=\"allowfullscreen\"><\/iframe><\/p>\n<div style=\"position: absolute; bottom: 1px; right: 1px; width: 33%; height: 33%; z-index: 77777777777;\"><\/div>\n<\/div>\n<h2>Biscuits au beurre \u00e0 faible teneur en glucides | ingr\u00e9dients<\/h2>\n<ul>\n<li><span style=\"font-size: 14pt; color: #000000;\">4 oeufs<\/span><\/li>\n<li><span style=\"font-size: 14pt; color: #000000;\">3\/4 tasse d&#039;\u00e9rythritol<\/span><\/li>\n<li><span style=\"font-size: 14pt; color: #000000;\">1\/2 cuill\u00e8re \u00e0 caf\u00e9 de vanille<\/span><\/li>\n<li><span style=\"font-size: 14pt; color: #000000;\">1\/4 cuill\u00e8re \u00e0 caf\u00e9 de sel<\/span><\/li>\n<li><span style=\"font-size: 14pt; color: #000000;\">1\/2 tasse de beurre fondu<\/span><\/li>\n<li><span style=\"font-size: 14pt; color: #000000;\">3\/4 tasse de farine de noix de coco<\/span><\/li>\n<li><span style=\"font-size: 14pt; color: #000000;\">Pour saupoudrer sur le biscuit, vous devrez m\u00e9langer :<\/span><\/li>\n<li><span style=\"font-size: 14pt; color: #000000;\">2 cuill\u00e8res \u00e0 caf\u00e9 de cannelle<\/span><\/li>\n<li><span style=\"font-size: 14pt; color: #000000;\">2 cuill\u00e8res \u00e0 caf\u00e9 d&#039;\u00e9rythritol<\/span><\/li>\n<\/ul>\n<p>Lire aussi :<\/p>\n<p>Recette de pain \u00e0 l&#039;ail \u00e0 faible teneur en glucides<\/p>\n<p>Recette de pain arabe \u00e0 faible teneur en glucides<\/p>\n<p>Cr\u00eapes Pal\u00e9o \u00e0 faible teneur en glucides<\/p>\n<h2>Biscuits sabl\u00e9s \u00e0 faible teneur en glucides | Instructions<\/h2>\n<p><span style=\"font-size: 14pt; color: #000000;\">M\u00e9langez les \u0153ufs, les \u00e9dulcorants, le sel, la vanille et le beurre et m\u00e9langez le tout \u00e0 la farine.<\/span><\/p>\n<p><span style=\"font-size: 14pt; color: #000000;\">Laissez reposer 5 \u00e0 10 minutes pour permettre aux ingr\u00e9dients de bien s&#039;incorporer \u00e0 la farine.<\/span><\/p>\n<p><span style=\"font-size: 14pt; color: #000000;\">Faire des boules d&#039;environ 1 1\/2 pouces, les d\u00e9poser sur du papier sulfuris\u00e9 sur la plaque de cuisson, presser avec une fourchette.<\/span><\/p>\n<p><span style=\"font-size: 14pt; color: #000000;\">Saupoudrer le m\u00e9lange de cannelle sur chaque biscuit ou muffin dans le m\u00e9lange cannelle-\u00e9rythritol.<\/span><\/p>\n<p><span style=\"font-size: 14pt; color: #000000;\">Pr\u00e9chauffer le four \u00e0 200 degr\u00e9s, cuire environ 15 minutes<\/span><\/p>\n<p><span style=\"font-size: 14pt; color: #000000;\">Je conserve le mien dans un r\u00e9cipient en verre au r\u00e9frig\u00e9rateur pendant environ une semaine.<\/span><\/p>\n<p><span style=\"font-size: 14pt; color: #000000;\">Cette recette donne environ 24 portions. Pour en faire plus, doublez simplement la recette pour obtenir plus de biscuits.<\/span><\/p>\n<\/div>","protected":false},"excerpt":{"rendered":"<p>Essa receita de biscoito amanteigado low carb, vai te ajudar a sair daquela rotina de ter que comer ovos ou ficar tendo que reproduzir p\u00e3es todos os dias. O biscoito amanteigado low carb pode ser colocado em potes e guardado na geladeira por uma semana, isso nos deixa em uma situa\u00e7\u00e3o muito confort\u00e1vel, sem ter [&hellip;]<\/p>\n","protected":false},"author":6,"featured_media":5802,"comment_status":"open","ping_status":"closed","sticky":false,"template":"","format":"standard","meta":{"tdm_status":"","tdm_grid_status":"","footnotes":""},"categories":[6],"tags":[],"class_list":{"0":"post-1187","1":"post","2":"type-post","3":"status-publish","4":"format-standard","5":"has-post-thumbnail","7":"category-paes"},"_links":{"self":[{"href":"https:\/\/low-carbdiet.com\/fr\/wp-json\/wp\/v2\/posts\/1187","targetHints":{"allow":["GET"]}}],"collection":[{"href":"https:\/\/low-carbdiet.com\/fr\/wp-json\/wp\/v2\/posts"}],"about":[{"href":"https:\/\/low-carbdiet.com\/fr\/wp-json\/wp\/v2\/types\/post"}],"author":[{"embeddable":true,"href":"https:\/\/low-carbdiet.com\/fr\/wp-json\/wp\/v2\/users\/6"}],"replies":[{"embeddable":true,"href":"https:\/\/low-carbdiet.com\/fr\/wp-json\/wp\/v2\/comments?post=1187"}],"version-history":[{"count":6,"href":"https:\/\/low-carbdiet.com\/fr\/wp-json\/wp\/v2\/posts\/1187\/revisions"}],"predecessor-version":[{"id":16265,"href":"https:\/\/low-carbdiet.com\/fr\/wp-json\/wp\/v2\/posts\/1187\/revisions\/16265"}],"wp:featuredmedia":[{"embeddable":true,"href":"https:\/\/low-carbdiet.com\/fr\/wp-json\/"}],"wp:attachment":[{"href":"https:\/\/low-carbdiet.com\/fr\/wp-json\/wp\/v2\/media?parent=1187"}],"wp:term":[{"taxonomy":"category","embeddable":true,"href":"https:\/\/low-carbdiet.com\/fr\/wp-json\/wp\/v2\/categories?post=1187"},{"taxonomy":"post_tag","embeddable":true,"href":"https:\/\/low-carbdiet.com\/fr\/wp-json\/wp\/v2\/tags?post=1187"}],"curies":[{"name":"wp","href":"https:\/\/api.w.org\/{rel}","templated":true}]}}