{"id":12913,"date":"2021-05-14T22:03:31","date_gmt":"2021-05-14T22:03:31","guid":{"rendered":"https:\/\/bkplow.clictresdemaio.com\/o-melhor-pao-low-carb-de-frigideira\/"},"modified":"2024-11-11T15:28:50","modified_gmt":"2024-11-11T18:28:50","slug":"o-melhor-pao-low-carb-de-frigideira","status":"publish","type":"post","link":"https:\/\/low-carbdiet.com\/fr\/paes\/o-melhor-pao-low-carb-de-frigideira\/","title":{"rendered":"LE MEILLEUR PAIN \u00c0 FAIBLE TENEUR EN GLUCIDES"},"content":{"rendered":"<p>Une pinc\u00e9e de sel une pinc\u00e9e de sel une pinc\u00e9e de sel une pinc\u00e9e de sel une pinc\u00e9e de sel une pinc\u00e9e de sel une pinc\u00e9e de sel une pinc\u00e9e de sel une pinc\u00e9e de sel<\/p>\n<p>&nbsp;<\/p>\n<p>Mots apparent\u00e9s<\/p>\n<p>&nbsp;<\/p>\n<p>receitalowcarbdieta2468, LE MEILLEUR PAIN \u00c0 FAIBLE TENEUR EN GLUCIDES \u00c0 LA PO\u00caLE, Vous \u00eates belle, Vivre sans bl\u00e9, Vous \u00eates plus en forme, Pomme de terre au four, r\u00e9gime faible en glucides, recettes faibles en glucides, menu faible en glucides, d\u00e9jeuner faible en glucides, d\u00eener faible en glucides, petit-d\u00e9jeuner faible en glucides, collations faibles en glucides, tarte faible en glucides, tourte au poulet, faible en glucides, coxinha faible en glucides, pain faible en glucides, comment faire du pain faible en glucides, pain au fromage faible en glucides, comment perdre du poids, pain \u00e0 la po\u00eale faible en glucides, recette de pain faible en glucides, pain simple faible en glucides<\/p>\n<p>Vous pouvez regarder la vid\u00e9o sur YouTube <a target='_blank' href='https:\/\/www.youtube.com\/watch?v=InfjLPdsy8U' rel=\"noopener\">Ici<\/a><\/p>","protected":false},"excerpt":{"rendered":"<p>Uma pitadinha de sal uma pitadinha de sal uma pitadinha de sal uma pitadinha de sal uma pitadinha de sal uma pitadinha de sal uma pitadinha de sal uma pitadinha de sal uma pitadinha de sal &nbsp; palavras Relacionadas &nbsp; receitalowcarbdieta2468, O MELHOR P\u00c3O LOW CARB DE FRIGIDEIRA, Voc\u00ea Bonita, Viver Sem Trigo, Voc\u00ea Mais [&hellip;]<\/p>\n","protected":false},"author":6,"featured_media":12914,"comment_status":"open","ping_status":"closed","sticky":false,"template":"","format":"standard","meta":{"tdm_status":"","tdm_grid_status":"","footnotes":""},"categories":[6],"tags":[212,243,217,218,219,244,220,66,221,90,297,298,299,223,164,300,225,93,226,227,228,229,230,170],"class_list":{"0":"post-12913","1":"post","2":"type-post","3":"status-publish","4":"format-standard","5":"has-post-thumbnail","7":"category-paes","8":"tag-almoco-low-carb","9":"tag-batata-assada","10":"tag-cafe-da-manha-low-carb","11":"tag-cardapio-low-carb","12":"tag-como-emagrecer","13":"tag-como-fazer-low-carb","14":"tag-coxinha-low-carb","15":"tag-dieta-low-carb","16":"tag-jantar-low-carb","17":"tag-low-carb","18":"tag-low-carb-receita-de-pao","19":"tag-o-melhor-pao-low-carb-de-frigideira","20":"tag-pao-de-frigideira-low-carb","21":"tag-pao-de-queijo-low-carb","22":"tag-pao-low-carb","23":"tag-pao-low-carb-simples","24":"tag-receitalowcarbdieta2468","25":"tag-receitas-low-carb","26":"tag-salgados-low-carb","27":"tag-torta-de-frango","28":"tag-torta-low-carb","29":"tag-viver-sem-trigo","30":"tag-voce-bonita","31":"tag-voce-mais-fitness"},"_links":{"self":[{"href":"https:\/\/low-carbdiet.com\/fr\/wp-json\/wp\/v2\/posts\/12913","targetHints":{"allow":["GET"]}}],"collection":[{"href":"https:\/\/low-carbdiet.com\/fr\/wp-json\/wp\/v2\/posts"}],"about":[{"href":"https:\/\/low-carbdiet.com\/fr\/wp-json\/wp\/v2\/types\/post"}],"author":[{"embeddable":true,"href":"https:\/\/low-carbdiet.com\/fr\/wp-json\/wp\/v2\/users\/6"}],"replies":[{"embeddable":true,"href":"https:\/\/low-carbdiet.com\/fr\/wp-json\/wp\/v2\/comments?post=12913"}],"version-history":[{"count":1,"href":"https:\/\/low-carbdiet.com\/fr\/wp-json\/wp\/v2\/posts\/12913\/revisions"}],"predecessor-version":[{"id":15114,"href":"https:\/\/low-carbdiet.com\/fr\/wp-json\/wp\/v2\/posts\/12913\/revisions\/15114"}],"wp:featuredmedia":[{"embeddable":true,"href":"https:\/\/low-carbdiet.com\/fr\/wp-json\/"}],"wp:attachment":[{"href":"https:\/\/low-carbdiet.com\/fr\/wp-json\/wp\/v2\/media?parent=12913"}],"wp:term":[{"taxonomy":"category","embeddable":true,"href":"https:\/\/low-carbdiet.com\/fr\/wp-json\/wp\/v2\/categories?post=12913"},{"taxonomy":"post_tag","embeddable":true,"href":"https:\/\/low-carbdiet.com\/fr\/wp-json\/wp\/v2\/tags?post=12913"}],"curies":[{"name":"wp","href":"https:\/\/api.w.org\/{rel}","templated":true}]}}