{"id":2358,"date":"2017-09-29T18:04:12","date_gmt":"2017-09-29T18:04:12","guid":{"rendered":"https:\/\/bkplow.clictresdemaio.com\/?p=2358"},"modified":"2024-11-12T09:50:31","modified_gmt":"2024-11-12T12:50:31","slug":"projeto-verao-low-carb","status":"publish","type":"post","link":"https:\/\/low-carbdiet.com\/fr\/utilidades-e-outros\/projeto-verao-low-carb\/","title":{"rendered":"Projet d&#039;\u00e9t\u00e9 \u00e0 faible teneur en glucides"},"content":{"rendered":"<h2><\/h2>\n<h2><span style=\"font-size: 14pt;\">Bonjour!!!! Tu ne connais toujours pas le <strong>Projet d&#039;\u00e9t\u00e9 \u00e0 faible teneur en glucides<\/strong>?<\/span><\/h2>\n<p><span style=\"font-size: 14pt;\">Qu&#039;attendez-vous ?<\/span><\/p>\n<p><span style=\"font-size: 14pt;\">L&#039;OMS (Organisation mondiale de la sant\u00e9) a signal\u00e9 que chaque ann\u00e9e, la population mondiale devient de plus en plus ob\u00e8se, tombe malade et pr\u00e9sente des conditions cliniques de plus en plus alarmantes telles que :<\/span><\/p>\n<p><span style=\"font-size: 14pt;\"><strong>R\u00e9sistance \u00e0 l&#039;insuline<\/strong><\/span><\/p>\n<p><span style=\"font-size: 14pt;\">La r\u00e9sistance \u00e0 l&#039;insuline ou hyperinsulin\u00e9mie est une maladie caract\u00e9ris\u00e9e par une augmentation de la production d&#039;insuline, une hormone produite par le pancr\u00e9as, pour tenter de maintenir une glyc\u00e9mie normale. Ainsi, les niveaux de glucose dans le sang sont souvent normaux, mais l\u2019insuline est \u00e9lev\u00e9e.<\/span><\/p>\n<p><span style=\"font-size: 14pt;\">Il s\u2019agit d\u2019un facteur de risque du diab\u00e8te de type 2 et il entra\u00eene certains changements tels qu\u2019une diminution du cholest\u00e9rol HDL et une augmentation des triglyc\u00e9rides.<\/span><\/p>\n<p><span style=\"font-size: 14pt;\">Nous soulignons l\u2019insuline car elle est l\u2019un des facteurs qui d\u00e9clenchent l\u2019accumulation de graisse dans notre corps.<\/span><\/p>\n<p><span style=\"font-size: 14pt;\">Voyez dans la figure ci-dessous d\u2019autres facteurs qui peuvent nuire \u00e0 notre sant\u00e9 en raison de l\u2019ob\u00e9sit\u00e9 :<\/span><\/p>\n<h2><span style=\"font-size: 14pt;\">Le projet d&#039;\u00e9t\u00e9 \u00e0 faible teneur en glucides vous guidera dans la perte de poids<\/span><\/h2>\n<p><span style=\"font-size: 14pt;\">LE <strong>Projet d&#039;\u00e9t\u00e9 \u00e0 faible teneur en glucides<\/strong> vous aidera \u00e0 atteindre votre poids id\u00e9al, avec des conseils tir\u00e9s de 41 ouvrages de professionnels du domaine <strong>R\u00e9gime \u00e0 faible teneur en glucides<\/strong> totalisant environ 1500 pages sur le sujet.<\/span><\/p>\n<p><span style=\"font-size: 14pt;\">Dans la liste des participants, nous avons : Danilo Balu (du blog Recorrido), Dirlene D&#039;Addio (du blog DocePaleo), Glauber Silva (de ObesoEmagrece), moi, Guilherme Zeitounlian et Roney Fernades (de Senhor Tanquinho), Hugo Klemar (de Corpo Medida Certa), Mariana Montezzana (de Vida Low Carb), Patr\u00edcia Tassinari (coordinatrice de tant de groupes FB\u00a0!) et Teco Mendes (de SendoPaleo).<\/span><\/p>\n<p><span style=\"font-size: 14pt;\">Le paquet <strong>Projet d&#039;\u00e9t\u00e9 \u00e0 faible teneur en glucides<\/strong> cela co\u00fbterait R$915 si vous deviez acheter les livres s\u00e9par\u00e9ment. En achetant tout ensemble, cela revient \u00e0 R$297 (ou 12x R$29,70).<\/span><\/p>\n<p><span style=\"font-size: 14pt;\">Rien qu&#039;en termes de recettes, il existe plus de 300 options saines pour votre vie quotidienne.<\/span><\/p>\n<p><span style=\"font-size: 14pt;\">L&#039;\u00e9t\u00e9 est presque l\u00e0, et pour vous aider \u00e0 perdre ces kilos en trop, certains des plus grands auteurs de la sc\u00e8ne <strong>Faible en glucides<\/strong> Les Br\u00e9siliens ont d\u00e9cid\u00e9 d\u2019unir leurs forces pour am\u00e9liorer leurs chances de succ\u00e8s !<\/span><\/p>\n<p><a href=\"http:\/\/edzz.la\/ZHPPY?a=331917\" target=\"_blank\" rel=\"noopener\"><\/a><\/p>\n<p>&nbsp;<\/p>","protected":false},"excerpt":{"rendered":"<p>Ol\u00e1!!!! Voc\u00ea ainda n\u00e3o conhece o Projeto Ver\u00e3o low carb? T\u00e1 esperanado o que? A O.M.S (Organiza\u00e7\u00e3o Mundial de sa\u00fade) tem relatado que a cada ano a popula\u00e7\u00e3o mundial tem se tornado cada vez mais obesa, ficando doente, apresentando cada vez mais quadros cl\u00ednicos alarmantes Como: Resist\u00eancia \u00e0 Insulina A resist\u00eancia \u00e0 insulina ou hiperinsulinemia [&hellip;]<\/p>\n","protected":false},"author":6,"featured_media":2364,"comment_status":"open","ping_status":"closed","sticky":false,"template":"","format":"standard","meta":{"tdm_status":"","tdm_grid_status":"","footnotes":""},"categories":[1],"tags":[],"class_list":{"0":"post-2358","1":"post","2":"type-post","3":"status-publish","4":"format-standard","5":"has-post-thumbnail","7":"category-utilidades-e-outros"},"_links":{"self":[{"href":"https:\/\/low-carbdiet.com\/fr\/wp-json\/wp\/v2\/posts\/2358","targetHints":{"allow":["GET"]}}],"collection":[{"href":"https:\/\/low-carbdiet.com\/fr\/wp-json\/wp\/v2\/posts"}],"about":[{"href":"https:\/\/low-carbdiet.com\/fr\/wp-json\/wp\/v2\/types\/post"}],"author":[{"embeddable":true,"href":"https:\/\/low-carbdiet.com\/fr\/wp-json\/wp\/v2\/users\/6"}],"replies":[{"embeddable":true,"href":"https:\/\/low-carbdiet.com\/fr\/wp-json\/wp\/v2\/comments?post=2358"}],"version-history":[{"count":6,"href":"https:\/\/low-carbdiet.com\/fr\/wp-json\/wp\/v2\/posts\/2358\/revisions"}],"predecessor-version":[{"id":16622,"href":"https:\/\/low-carbdiet.com\/fr\/wp-json\/wp\/v2\/posts\/2358\/revisions\/16622"}],"wp:featuredmedia":[{"embeddable":true,"href":"https:\/\/low-carbdiet.com\/fr\/wp-json\/"}],"wp:attachment":[{"href":"https:\/\/low-carbdiet.com\/fr\/wp-json\/wp\/v2\/media?parent=2358"}],"wp:term":[{"taxonomy":"category","embeddable":true,"href":"https:\/\/low-carbdiet.com\/fr\/wp-json\/wp\/v2\/categories?post=2358"},{"taxonomy":"post_tag","embeddable":true,"href":"https:\/\/low-carbdiet.com\/fr\/wp-json\/wp\/v2\/tags?post=2358"}],"curies":[{"name":"wp","href":"https:\/\/api.w.org\/{rel}","templated":true}]}}