{"id":3244,"date":"2017-12-29T18:03:32","date_gmt":"2017-12-29T18:03:32","guid":{"rendered":"https:\/\/bkplow.clictresdemaio.com\/?p=3244"},"modified":"2024-11-12T09:51:23","modified_gmt":"2024-11-12T12:51:23","slug":"farinha-de-ora-pro-nobis-low-carb","status":"publish","type":"post","link":"https:\/\/low-carbdiet.com\/fr\/artigos\/farinha-de-ora-pro-nobis-low-carb\/","title":{"rendered":"Farine d&#039;Ora \u00e0 faible teneur en glucides Pro Nobis"},"content":{"rendered":"<p>LE <strong>Farine \u00e0 faible teneur en glucides Ora Pro Nobis<\/strong>, \u00e9galement connue sous le nom de pereskia aculeata, est une plante alimentaire non conventionnelle riche en prot\u00e9ines et en acides amin\u00e9s essentiels. Un aliment fonctionnel et v\u00e9g\u00e9talien, totalement sans gluten, c&#039;est pourquoi nous recommandons de l&#039;ajouter aux recettes de pain, de g\u00e2teaux et de l\u00e9gumes, ainsi qu&#039;aux jus, shakes et fruits.<\/p>\n<p>Parce qu&#039;il est riche en prot\u00e9ines v\u00e9g\u00e9tales, en min\u00e9raux et en vitamine C, il est fortement recommand\u00e9 pour les r\u00e9gimes amaigrissants, les r\u00e9gimes pauvres en glucides, les r\u00e9gimes v\u00e9g\u00e9tariens et v\u00e9g\u00e9taliens.<\/p>\n<p>La farine Ora por nobis \u00ab priez pour nous \u00bb est utilis\u00e9e pour lutter contre l\u2019an\u00e9mie, aide au traitement du diab\u00e8te, est anti-inflammatoire et agit \u00e9galement comme protecteur cutan\u00e9, hydratant et maintenant l\u2019\u00e9quilibre de la peau.<\/p>\n<h2>Farine \u00e0 faible teneur en glucides Ora Pro Nobis | Nutriments<\/h2>\n<p>L&#039;Ora-pro-n\u00f3bis est commun\u00e9ment appel\u00e9 la viande des pauvres car il a une teneur \u00e9lev\u00e9e en prot\u00e9ines, environ 25%. De ce fait, elle fait partie des plantes bioactives et m\u00e9dicinales \u00e9tudi\u00e9es par la Soci\u00e9t\u00e9 de Recherche. <a href=\"http:\/\/www.epagri.sc.gov.br\/\" target=\"_blank\" rel=\"nofollow noopener\">Agriculture et extension rurale de Santa Catarina<\/a> (\u00c9pagri).<\/p>\n<p>En plus d&#039;\u00eatre riche en prot\u00e9ines, il pr\u00e9sente des niveaux \u00e9lev\u00e9s de fibres et contient \u00e9galement des vitamines A, B et C, du magn\u00e9sium, du phosphore et du calcium, du fer, du mangan\u00e8se, du potassium, du calcium et du cuivre. De plus, de puissants compos\u00e9s antioxydants (carot\u00e9no\u00efdes) compl\u00e8tent cet arsenal de phytonutriments et de compos\u00e9s organiques b\u00e9n\u00e9fiques.<\/p>\n<h2>Farine \u00e0 faible teneur en glucides Ora Pro Nobis | Avantages<\/h2>\n<p>Les chercheurs constatent que la consommation d\u2019ora-pro-nobis r\u00e9duit la pression art\u00e9rielle et le taux de cholest\u00e9rol, tout en r\u00e9duisant le risque de formation de caillots sanguins.<\/p>\n<p>Certains des avantages pour la sant\u00e9 d&#039;ora-pro-nobis incluent sa capacit\u00e9 \u00e0 aider \u00e0 la perte de poids, \u00e0 am\u00e9liorer la sant\u00e9 cardiaque, \u00e0 aider au d\u00e9veloppement de l&#039;enfant, \u00e0 traiter certaines maladies gastro-intestinales, \u00e0 pr\u00e9venir certains types de cancer, \u00e0 prot\u00e9ger la peau, \u00e0 am\u00e9liorer la vision, \u00e0 renforcer le syst\u00e8me immunitaire, \u00e0 construire des os solides et \u00e0 augmenter la circulation.<\/p>\n<p>D\u00e9couvrez le livre 101 recettes low carb avec des astuces et recettes pour vous aider \u00e0 perdre du poids<\/p>\n<p>&nbsp;<\/p>\n<p>&nbsp;<\/p>","protected":false},"excerpt":{"rendered":"<p>A farinha de Ora Pro Nobis low carb, tamb\u00e9m conhecida como pereskia aculeata, \u00e9 uma planta aliment\u00edcia n\u00e3o convencional rica em prote\u00edna e amino\u00e1cidos essenciais. Um alimento funcional e vegano, totalmente sem gl\u00faten, por isso damos a dica que ela pode ser adicionada em receitas de p\u00e3es, bolos e legumes, bem como em sucos, shakes [&hellip;]<\/p>\n","protected":false},"author":6,"featured_media":3245,"comment_status":"open","ping_status":"closed","sticky":false,"template":"","format":"standard","meta":{"tdm_status":"","tdm_grid_status":"","footnotes":""},"categories":[7],"tags":[],"class_list":{"0":"post-3244","1":"post","2":"type-post","3":"status-publish","4":"format-standard","5":"has-post-thumbnail","7":"category-artigos"},"_links":{"self":[{"href":"https:\/\/low-carbdiet.com\/fr\/wp-json\/wp\/v2\/posts\/3244","targetHints":{"allow":["GET"]}}],"collection":[{"href":"https:\/\/low-carbdiet.com\/fr\/wp-json\/wp\/v2\/posts"}],"about":[{"href":"https:\/\/low-carbdiet.com\/fr\/wp-json\/wp\/v2\/types\/post"}],"author":[{"embeddable":true,"href":"https:\/\/low-carbdiet.com\/fr\/wp-json\/wp\/v2\/users\/6"}],"replies":[{"embeddable":true,"href":"https:\/\/low-carbdiet.com\/fr\/wp-json\/wp\/v2\/comments?post=3244"}],"version-history":[{"count":4,"href":"https:\/\/low-carbdiet.com\/fr\/wp-json\/wp\/v2\/posts\/3244\/revisions"}],"predecessor-version":[{"id":16810,"href":"https:\/\/low-carbdiet.com\/fr\/wp-json\/wp\/v2\/posts\/3244\/revisions\/16810"}],"wp:featuredmedia":[{"embeddable":true,"href":"https:\/\/low-carbdiet.com\/fr\/wp-json\/"}],"wp:attachment":[{"href":"https:\/\/low-carbdiet.com\/fr\/wp-json\/wp\/v2\/media?parent=3244"}],"wp:term":[{"taxonomy":"category","embeddable":true,"href":"https:\/\/low-carbdiet.com\/fr\/wp-json\/wp\/v2\/categories?post=3244"},{"taxonomy":"post_tag","embeddable":true,"href":"https:\/\/low-carbdiet.com\/fr\/wp-json\/wp\/v2\/tags?post=3244"}],"curies":[{"name":"wp","href":"https:\/\/api.w.org\/{rel}","templated":true}]}}