{"id":12903,"date":"2021-05-14T21:51:00","date_gmt":"2021-05-14T21:51:00","guid":{"rendered":"https:\/\/bkplow.clictresdemaio.com\/pao-de-queijo-de-frigideira-low-carb\/"},"modified":"2024-11-11T15:28:50","modified_gmt":"2024-11-11T18:28:50","slug":"pao-de-queijo-de-frigideira-low-carb","status":"publish","type":"post","link":"https:\/\/low-carbdiet.com\/hi\/paes\/pao-de-queijo-de-frigideira-low-carb\/","title":{"rendered":"\u0915\u092e \u0915\u093e\u0930\u094d\u092c \u092b\u094d\u0930\u093e\u0907\u0902\u0917 \u092a\u0948\u0928 \u091a\u0940\u091c\u093c \u092c\u094d\u0930\u0947\u0921"},"content":{"rendered":"<p>\u0935\u094d\u092f\u0915\u094d\u0924\u093f\u0917\u0924 \u0915\u094d\u0930\u0940\u092e \u092a\u0928\u0940\u0930 \u0914\u0930 \u0915\u094d\u0930\u0940\u092e \u0928\u0939\u0940\u0902; )<\/p>\n<p>&nbsp;<\/p>\n<p>\u0938\u0902\u092c\u0902\u0927\u093f\u0924 \u0936\u092c\u094d\u0926:<\/p>\n<p>&nbsp;<\/p>\n<p>receitalowcarbdieta2468, \u0932\u094b \u0915\u093e\u0930\u094d\u092c \u092a\u0948\u0928 \u091a\u0940\u091c\u093c \u092c\u094d\u0930\u0947\u0921, \u0932\u094b \u0915\u093e\u0930\u094d\u092c \u0935\u0930\u094d\u0932\u094d\u0921 \u0930\u0947\u0938\u093f\u092a\u0940, \u0938\u0941\u0902\u0926\u0930 \u0906\u092a, \u092c\u093f\u0928\u093e \u0917\u0947\u0939\u0942\u0901 \u0915\u0947 \u091c\u0940\u0928\u093e, \u091c\u093c\u094d\u092f\u093e\u0926\u093e \u092b\u093f\u091f \u0906\u092a, \u092c\u0947\u0915\u093f\u0902\u0917 \u0906\u0932\u0942, \u0932\u094b \u0915\u093e\u0930\u094d\u092c \u0906\u0939\u093e\u0930, \u0932\u094b \u0915\u093e\u0930\u094d\u092c \u0930\u0947\u0938\u093f\u092a\u0940, \u0932\u094b \u0915\u093e\u0930\u094d\u092c \u092e\u0947\u0928\u0942, \u0932\u094b \u0915\u093e\u0930\u094d\u092c \u0932\u0902\u091a, \u0932\u094b \u0915\u093e\u0930\u094d\u092c \u0921\u093f\u0928\u0930, \u0932\u094b \u0915\u093e\u0930\u094d\u092c \u092c\u094d\u0930\u0947\u0915\u092b\u093c\u093e\u0938\u094d\u091f, \u0932\u094b \u0915\u093e\u0930\u094d\u092c \u0938\u094d\u0928\u0948\u0915\u094d\u0938, \u0932\u094b \u0915\u093e\u0930\u094d\u092c \u092a\u093e\u0908, \u091a\u093f\u0915\u0928 \u092a\u093e\u0908, \u0932\u094b \u0915\u093e\u0930\u094d\u092c \u0915\u0949\u0915\u094d\u0938\u093f\u0928\u094d\u0939\u093e, \u0932\u094b \u0915\u093e\u0930\u094d\u092c \u092c\u094d\u0930\u0947\u0921, \u0932\u094b \u0915\u093e\u0930\u094d\u092c \u091a\u0940\u091c\u093c \u092c\u094d\u0930\u0947\u0921, \u0935\u091c\u093c\u0928 \u0915\u0948\u0938\u0947 \u0915\u092e \u0915\u0930\u0947\u0902, \u0932\u094b \u0915\u093e\u0930\u094d\u092c \u091a\u0940\u091c\u093c \u092c\u094d\u0930\u0947\u0921, \u0932\u094b \u0915\u093e\u0930\u094d\u092c \u092a\u0948\u0928 \u0930\u0947\u0938\u093f\u092a\u0940<\/p>\n<p>\u0906\u092a \u092f\u0942\u091f\u094d\u092f\u0942\u092c \u092a\u0930 \u0935\u0940\u0921\u093f\u092f\u094b \u0926\u0947\u0916 \u0938\u0915\u0924\u0947 \u0939\u0948\u0902 <a target='_blank' href='https:\/\/www.youtube.com\/watch?v=zCWngluUQLM' rel=\"noopener\">\u092f\u0939\u093e\u0901<\/a><\/p>","protected":false},"excerpt":{"rendered":"<p>REQUEIJ\u00c3O PESSOAL E N\u00c3O CREME DE LEITE ; ) &nbsp; Palavra Relacionada: &nbsp; receitalowcarbdieta2468, P\u00c3O DE QUEIJO DE FRIGIDEIRA LOW CARB, Mundo Low Carb Receitas, Voc\u00ea Bonita, Viver Sem Trigo, Voc\u00ea Mais Fitness, Batata Assando, dieta low carb, receitas low carb, cardapio low carb, almo\u00e7o low carb, jantar low carb, caf\u00e9 da manh\u00e3 low carb, [&hellip;]<\/p>\n","protected":false},"author":6,"featured_media":12904,"comment_status":"open","ping_status":"closed","sticky":false,"template":"","format":"standard","meta":{"tdm_status":"","tdm_grid_status":"","footnotes":""},"categories":[6],"tags":[212,213,217,218,219,220,66,221,250,222,251,223,164,225,93,226,227,228,229,230,170],"class_list":{"0":"post-12903","1":"post","2":"type-post","3":"status-publish","4":"format-standard","5":"has-post-thumbnail","7":"category-paes","8":"tag-almoco-low-carb","9":"tag-batata-assando","10":"tag-cafe-da-manha-low-carb","11":"tag-cardapio-low-carb","12":"tag-como-emagrecer","13":"tag-coxinha-low-carb","14":"tag-dieta-low-carb","15":"tag-jantar-low-carb","16":"tag-low-carb-receita-de-frigideira","17":"tag-mundo-low-carb-receitas","18":"tag-pao-de-queijo-de-frigideira-low-carb","19":"tag-pao-de-queijo-low-carb","20":"tag-pao-low-carb","21":"tag-receitalowcarbdieta2468","22":"tag-receitas-low-carb","23":"tag-salgados-low-carb","24":"tag-torta-de-frango","25":"tag-torta-low-carb","26":"tag-viver-sem-trigo","27":"tag-voce-bonita","28":"tag-voce-mais-fitness"},"_links":{"self":[{"href":"https:\/\/low-carbdiet.com\/hi\/wp-json\/wp\/v2\/posts\/12903","targetHints":{"allow":["GET"]}}],"collection":[{"href":"https:\/\/low-carbdiet.com\/hi\/wp-json\/wp\/v2\/posts"}],"about":[{"href":"https:\/\/low-carbdiet.com\/hi\/wp-json\/wp\/v2\/types\/post"}],"author":[{"embeddable":true,"href":"https:\/\/low-carbdiet.com\/hi\/wp-json\/wp\/v2\/users\/6"}],"replies":[{"embeddable":true,"href":"https:\/\/low-carbdiet.com\/hi\/wp-json\/wp\/v2\/comments?post=12903"}],"version-history":[{"count":1,"href":"https:\/\/low-carbdiet.com\/hi\/wp-json\/wp\/v2\/posts\/12903\/revisions"}],"predecessor-version":[{"id":15110,"href":"https:\/\/low-carbdiet.com\/hi\/wp-json\/wp\/v2\/posts\/12903\/revisions\/15110"}],"wp:featuredmedia":[{"embeddable":true,"href":"https:\/\/low-carbdiet.com\/hi\/wp-json\/"}],"wp:attachment":[{"href":"https:\/\/low-carbdiet.com\/hi\/wp-json\/wp\/v2\/media?parent=12903"}],"wp:term":[{"taxonomy":"category","embeddable":true,"href":"https:\/\/low-carbdiet.com\/hi\/wp-json\/wp\/v2\/categories?post=12903"},{"taxonomy":"post_tag","embeddable":true,"href":"https:\/\/low-carbdiet.com\/hi\/wp-json\/wp\/v2\/tags?post=12903"}],"curies":[{"name":"wp","href":"https:\/\/api.w.org\/{rel}","templated":true}]}}